{"id":22106,"date":"2026-04-22T11:11:17","date_gmt":"2026-04-22T09:11:17","guid":{"rendered":"https:\/\/martinstiftung.ch\/?p=22106"},"modified":"2026-04-23T08:10:24","modified_gmt":"2026-04-23T06:10:24","slug":"squad-interview","status":"publish","type":"post","link":"https:\/\/martinstiftung.ch\/en\/squad-interview\/","title":{"rendered":"Squad interview"},"content":{"rendered":"<div class=\"wpb-content-wrapper\"><p>[vc_row][vc_column][vc_column_text css=&#8221;&#8221;]What moves and motivates our management employees in Ot\u00e9l\u00e9? In short interviews, they give personal insights into their work. We would like to thank them for their commitment, loyalty and trusting cooperation.[\/vc_column_text][\/vc_column][\/vc_row][vc_row][vc_column][vc_column_text css=&#8221;.vc_custom_1776848385110{padding-top: 12px !important;padding-right: 12px !important;padding-bottom: 12px !important;padding-left: 12px !important;background-color: #999164 !important;}&#8221;]<\/p>\n<h2><span style=\"color: #ffffff;\">What are you particularly proud of in your work?<\/span><\/h2>\n<p>[\/vc_column_text][\/vc_column][\/vc_row][vc_row equal_height=&#8221;yes&#8221; content_placement=&#8221;middle&#8221; type=&#8221;vc_default&#8221;][vc_column width=&#8221;1\/4&#8243;][vc_single_image image=&#8221;22074&#8243; img_size=&#8221;large&#8221; css=&#8221;&#8221; image_hovers=&#8221;false&#8221;][\/vc_column][vc_column width=&#8221;3\/4&#8243;][vc_column_text css=&#8221;&#8221;]<span class=\"int_text\">I am particularly proud when I develop in my role as a construction site manager and am able to make decisions without anyone contradicting him. And if my work is carried out correctly and completed on time and without incident. <\/span>[\/vc_column_text][vc_column_text css=&#8221;&#8221;]<strong>Guy Roger Maballa Ewodo<\/strong> | Well construction[\/vc_column_text][\/vc_column][\/vc_row][vc_row][vc_column][vc_separator color=&#8221;custom&#8221; css=&#8221;&#8221; accent_color=&#8221;#9990651A&#8221;][\/vc_column][\/vc_row][vc_row equal_height=&#8221;yes&#8221; content_placement=&#8221;middle&#8221; type=&#8221;vc_default&#8221; el_class=&#8221;inverted-columns&#8221;][vc_column width=&#8221;3\/4&#8243;][vc_column_text css=&#8221;&#8221;]<span class=\"int_text\">When our teams successfully implement the construction of a well and when we accept the thanks of the population. We also hope that our administration in Baar is proud of our achievements in Ot\u00e9l\u00e9. <\/span>[\/vc_column_text][vc_column_text css=&#8221;&#8221;]<strong>Sylvie Ayoung<\/strong> | Human Resources[\/vc_column_text][\/vc_column][vc_column width=&#8221;1\/4&#8243;][vc_single_image image=&#8221;22083&#8243; img_size=&#8221;large&#8221; css=&#8221;&#8221; image_hovers=&#8221;false&#8221;][\/vc_column][\/vc_row][vc_row][vc_column][vc_separator color=&#8221;custom&#8221; css=&#8221;&#8221; accent_color=&#8221;#9990651A&#8221;][\/vc_column][\/vc_row][vc_row equal_height=&#8221;yes&#8221; content_placement=&#8221;middle&#8221; type=&#8221;vc_default&#8221;][vc_column width=&#8221;1\/4&#8243;][vc_single_image image=&#8221;22059&#8243; img_size=&#8221;large&#8221; css=&#8221;&#8221; image_hovers=&#8221;false&#8221;][\/vc_column][vc_column width=&#8221;3\/4&#8243;][vc_column_text css=&#8221;&#8221;]<span class=\"int_text\">First, when reading the letters of thanks that the village communities send to us. And secondly, when the water flows from the pump during the inauguration of a well. <\/span>[\/vc_column_text][vc_column_text css=&#8221;&#8221;]<strong>Antoine Balogog Eding<\/strong> | Coordination[\/vc_column_text][\/vc_column][\/vc_row][vc_row][vc_column][vc_separator color=&#8221;custom&#8221; css=&#8221;&#8221; accent_color=&#8221;#9990651A&#8221;][\/vc_column][\/vc_row][vc_row equal_height=&#8221;yes&#8221; content_placement=&#8221;middle&#8221; type=&#8221;vc_default&#8221; el_class=&#8221;inverted-columns&#8221;][vc_column width=&#8221;3\/4&#8243;][vc_column_text css=&#8221;&#8221;]<span class=\"int_text\">My motivation is particularly high because I have been working for the FSMO for a long time. In terms of work, I have high standards and I attach importance to the fact that the quality of our work takes precedence over quantity and that the image of FSMO is a respected brand. <\/span>[\/vc_column_text][vc_column_text css=&#8221;&#8221;]<strong>Augustin Nyobe<\/strong> | Evaluation (I.E.C.)[\/vc_column_text][\/vc_column][vc_column width=&#8221;1\/4&#8243;][vc_single_image image=&#8221;22110&#8243; img_size=&#8221;large&#8221; css=&#8221;&#8221; image_hovers=&#8221;false&#8221;][\/vc_column][\/vc_row][vc_row][vc_column][vc_separator color=&#8221;custom&#8221; css=&#8221;&#8221; accent_color=&#8221;#9990651A&#8221;][\/vc_column][\/vc_row][vc_row equal_height=&#8221;yes&#8221; content_placement=&#8221;middle&#8221; type=&#8221;vc_default&#8221;][vc_column width=&#8221;1\/4&#8243;][vc_single_image image=&#8221;22091&#8243; img_size=&#8221;large&#8221; css=&#8221;&#8221; image_hovers=&#8221;false&#8221;][\/vc_column][vc_column width=&#8221;3\/4&#8243;][vc_column_text css=&#8221;&#8221;]<span class=\"int_text\">At the end of the month, because then the salary is always paid on time and without delay. And to the medical care provided by the company doctor. <\/span>[\/vc_column_text][vc_column_text css=&#8221;&#8221;]<strong>Dieudonn\u00e9 II Ot\u00e9l\u00e9 Atemengue<\/strong> | Building maintenance[\/vc_column_text][\/vc_column][\/vc_row][vc_row][vc_column][vc_separator color=&#8221;custom&#8221; css=&#8221;&#8221; accent_color=&#8221;#9990651A&#8221;][\/vc_column][\/vc_row][vc_row equal_height=&#8221;yes&#8221; content_placement=&#8221;middle&#8221; type=&#8221;vc_default&#8221; el_class=&#8221;inverted-columns&#8221;][vc_column width=&#8221;3\/4&#8243;][vc_column_text css=&#8221;&#8221;]<span class=\"int_text\">I am proud of the care that FSMO provides to its staff. We receive our salary regularly, benefit from health insurance and have adequate work equipment. In addition, the project management is always open to our concerns.  <\/span>[\/vc_column_text][vc_column_text css=&#8221;&#8221;]<strong>Boula\u00ef Siddi<\/strong> | Logistics[\/vc_column_text][\/vc_column][vc_column width=&#8221;1\/4&#8243;][vc_single_image image=&#8221;22065&#8243; img_size=&#8221;large&#8221; css=&#8221;&#8221; image_hovers=&#8221;false&#8221;][\/vc_column][\/vc_row][vc_row][vc_column][vc_separator color=&#8221;custom&#8221; css=&#8221;&#8221; accent_color=&#8221;#9990651A&#8221;][\/vc_column][\/vc_row][vc_row equal_height=&#8221;yes&#8221; content_placement=&#8221;middle&#8221; type=&#8221;vc_default&#8221;][vc_column width=&#8221;1\/4&#8243;][vc_single_image image=&#8221;22080&#8243; img_size=&#8221;large&#8221; css=&#8221;&#8221; image_hovers=&#8221;false&#8221;][\/vc_column][vc_column width=&#8221;3\/4&#8243;][vc_column_text css=&#8221;&#8221;]<span class=\"int_text\">I am proud of every day, and especially in the evening when everything is well done.<\/span>[\/vc_column_text][vc_column_text css=&#8221;&#8221;]<strong>Luc Lindjeck<\/strong> | Building maintenance[\/vc_column_text][\/vc_column][\/vc_row][vc_row][vc_column][vc_column_text css=&#8221;.vc_custom_1776848440852{padding-top: 12px !important;padding-right: 12px !important;padding-bottom: 12px !important;padding-left: 12px !important;background-color: #999164 !important;}&#8221;]<\/p>\n<h2><span style=\"color: #ffffff;\">What professional experience has particularly shaped you?<\/span><\/h2>\n<p>[\/vc_column_text][\/vc_column][\/vc_row][vc_row equal_height=&#8221;yes&#8221; content_placement=&#8221;middle&#8221; type=&#8221;vc_default&#8221;][vc_column width=&#8221;1\/4&#8243;][vc_single_image image=&#8221;22068&#8243; img_size=&#8221;large&#8221; css=&#8221;&#8221; image_hovers=&#8221;false&#8221;][\/vc_column][vc_column width=&#8221;3\/4&#8243;][vc_column_text css=&#8221;&#8221;]<span class=\"int_text\">On the one hand, independence in work and on the other hand, the monthly meetings of the managers and the training of the managers. Furthermore, medical care. <\/span>[\/vc_column_text][vc_column_text css=&#8221;&#8221;]<strong>Tch\u00e9d\u00e9 Djingui<\/strong> | Security service[\/vc_column_text][\/vc_column][\/vc_row][vc_row][vc_column][vc_separator color=&#8221;custom&#8221; css=&#8221;&#8221; accent_color=&#8221;#9990651A&#8221;][\/vc_column][\/vc_row][vc_row equal_height=&#8221;yes&#8221; content_placement=&#8221;middle&#8221; type=&#8221;vc_default&#8221; el_class=&#8221;inverted-columns&#8221;][vc_column width=&#8221;3\/4&#8243;][vc_column_text css=&#8221;&#8221;]<span class=\"int_text\">First of all, the fact of working in a consistent group and adapting to new ways of life. And that I can contribute to the well-being of the population with my work for a non-profit organization. <\/span>[\/vc_column_text][vc_column_text css=&#8221;&#8221;]<strong>Tanguena L. Rodrigue<\/strong> | Accounting[\/vc_column_text][\/vc_column][vc_column width=&#8221;1\/4&#8243;][vc_single_image image=&#8221;22097&#8243; img_size=&#8221;large&#8221; css=&#8221;&#8221; image_hovers=&#8221;false&#8221;][\/vc_column][\/vc_row][vc_row][vc_column][vc_separator color=&#8221;custom&#8221; css=&#8221;&#8221; accent_color=&#8221;#9990651A&#8221;][\/vc_column][\/vc_row][vc_row equal_height=&#8221;yes&#8221; content_placement=&#8221;middle&#8221; type=&#8221;vc_default&#8221;][vc_column width=&#8221;1\/4&#8243;][vc_single_image image=&#8221;22086&#8243; img_size=&#8221;large&#8221; css=&#8221;&#8221; image_hovers=&#8221;false&#8221;][\/vc_column][vc_column width=&#8221;3\/4&#8243;][vc_column_text css=&#8221;&#8221;]<span class=\"int_text\">The professional experience that has particularly shaped me is the creation of concrete posts and the simplification of certain work steps.<\/span>[\/vc_column_text][vc_column_text css=&#8221;&#8221;]<strong>Polycarpe Marie Hoth Mboy<\/strong> | Fabrication[\/vc_column_text][\/vc_column][\/vc_row][vc_row][vc_column][vc_separator color=&#8221;custom&#8221; css=&#8221;&#8221; accent_color=&#8221;#9990651A&#8221;][\/vc_column][\/vc_row][vc_row equal_height=&#8221;yes&#8221; content_placement=&#8221;middle&#8221; type=&#8221;vc_default&#8221; el_class=&#8221;inverted-columns&#8221;][vc_column width=&#8221;3\/4&#8243;][vc_column_text css=&#8221;&#8221;]<span class=\"int_text\">Working in the crisis team after the elections in Cameroon and the enriching training courses have enabled me to develop additional professional skills as an assistant to the management.<\/span>[\/vc_column_text][vc_column_text css=&#8221;&#8221;]<strong>Jocelyne Vickie Biteke<\/strong> | Assistant to the manager[\/vc_column_text][\/vc_column][vc_column width=&#8221;1\/4&#8243;][vc_single_image image=&#8221;22077&#8243; img_size=&#8221;large&#8221; css=&#8221;&#8221; image_hovers=&#8221;false&#8221;][\/vc_column][\/vc_row][vc_row][vc_column][vc_separator color=&#8221;custom&#8221; css=&#8221;&#8221; accent_color=&#8221;#9990651A&#8221;][\/vc_column][\/vc_row][vc_row equal_height=&#8221;yes&#8221; content_placement=&#8221;middle&#8221; type=&#8221;vc_default&#8221;][vc_column width=&#8221;1\/4&#8243;][vc_single_image image=&#8221;22062&#8243; img_size=&#8221;large&#8221; css=&#8221;&#8221; image_hovers=&#8221;false&#8221;][\/vc_column][vc_column width=&#8221;3\/4&#8243;][vc_column_text css=&#8221;&#8221;]<span class=\"int_text\">We have witnessed some changes of directors within the FSMO; each director passes on his professional experience to us, and this is particularly positive in the context of professionalization. This is very remarkable for me. <\/span>[\/vc_column_text][vc_column_text css=&#8221;&#8221;]<strong>Augustin Yegba<\/strong> | Well maintenance[\/vc_column_text][\/vc_column][\/vc_row][vc_row][vc_column][vc_separator color=&#8221;custom&#8221; css=&#8221;&#8221; accent_color=&#8221;#9990651A&#8221;][\/vc_column][\/vc_row][vc_row equal_height=&#8221;yes&#8221; content_placement=&#8221;middle&#8221; type=&#8221;vc_default&#8221; el_class=&#8221;inverted-columns&#8221;][vc_column width=&#8221;3\/4&#8243;][vc_column_text css=&#8221;&#8221;]<span class=\"int_text\">My leadership skills in the field of safety have improved significantly through the numerous training courses on leadership.<\/span>[\/vc_column_text][vc_column_text css=&#8221;&#8221;]<strong>Emmanuel Chepnda Linjap<\/strong> | Security service[\/vc_column_text][\/vc_column][vc_column width=&#8221;1\/4&#8243;][vc_single_image image=&#8221;22071&#8243; img_size=&#8221;large&#8221; css=&#8221;&#8221; image_hovers=&#8221;false&#8221;][\/vc_column][\/vc_row]<\/p>\n<\/div>","protected":false},"excerpt":{"rendered":"<p>[vc_row][vc_column][vc_column_text css=&#8221;&#8221;]What moves and motivates our management employees in Ot\u00e9l\u00e9? In short interviews, they give personal insights into their work. We would like to thank them for their commitment, loyalty and trusting cooperation.[\/vc_column_text][\/vc_column][\/vc_row][vc_row][vc_column][vc_column_text css=&#8221;.vc_custom_1776848385110{padding-top: 12px !important;padding-right: 12px !important;padding-bottom: 12px !important;padding-left: 12px !important;background-color: #999164 !important;}&#8221;] What are you particularly proud of in your work? [\/vc_column_text][\/vc_column][\/vc_row][vc_row equal_height=&#8221;yes&#8221;&hellip;<\/p>\n","protected":false},"author":1,"featured_media":22112,"comment_status":"closed","ping_status":"open","sticky":false,"template":"","format":"standard","meta":{"footnotes":""},"categories":[2],"tags":[],"class_list":["post-22106","post","type-post","status-publish","format-standard","has-post-thumbnail","hentry","category-uncategorized","category-2","description-off"],"yoast_head":"<!-- This site is optimized with the Yoast SEO plugin v27.4 - https:\/\/yoast.com\/product\/yoast-seo-wordpress\/ -->\n<title>Squad interview - Stiftung St. Martin<\/title>\n<meta name=\"robots\" content=\"index, follow, max-snippet:-1, max-image-preview:large, max-video-preview:-1\" \/>\n<link rel=\"canonical\" href=\"https:\/\/martinstiftung.ch\/en\/squad-interview\/\" \/>\n<meta property=\"og:locale\" content=\"en_US\" \/>\n<meta property=\"og:type\" content=\"article\" \/>\n<meta property=\"og:title\" content=\"Squad interview - Stiftung St. Martin\" \/>\n<meta property=\"og:description\" content=\"[vc_row][vc_column][vc_column_text css=&#8221;&#8221;]What moves and motivates our management employees in Ot\u00e9l\u00e9? In short interviews, they give personal insights into their work. We would like to thank them for their commitment, loyalty and trusting cooperation.[\/vc_column_text][\/vc_column][\/vc_row][vc_row][vc_column][vc_column_text css=&#8221;.vc_custom_1776848385110{padding-top: 12px !important;padding-right: 12px !important;padding-bottom: 12px !important;padding-left: 12px !important;background-color: #999164 !important;}&#8221;] What are you particularly proud of in your work? [\/vc_column_text][\/vc_column][\/vc_row][vc_row equal_height=&#8221;yes&#8221;&hellip;\" \/>\n<meta property=\"og:url\" content=\"https:\/\/martinstiftung.ch\/en\/squad-interview\/\" \/>\n<meta property=\"og:site_name\" content=\"Stiftung St. Martin\" \/>\n<meta property=\"article:published_time\" content=\"2026-04-22T09:11:17+00:00\" \/>\n<meta property=\"article:modified_time\" content=\"2026-04-23T06:10:24+00:00\" \/>\n<meta property=\"og:image\" content=\"https:\/\/martinstiftung.ch\/wp-content\/uploads\/2026\/04\/IMG_0431.webp\" \/>\n\t<meta property=\"og:image:width\" content=\"2000\" \/>\n\t<meta property=\"og:image:height\" content=\"1148\" \/>\n\t<meta property=\"og:image:type\" content=\"image\/webp\" \/>\n<meta name=\"author\" content=\"adm_martin\" \/>\n<meta name=\"twitter:card\" content=\"summary_large_image\" \/>\n<meta name=\"twitter:label1\" content=\"Written by\" \/>\n\t<meta name=\"twitter:data1\" content=\"adm_martin\" \/>\n\t<meta name=\"twitter:label2\" content=\"Est. reading time\" \/>\n\t<meta name=\"twitter:data2\" content=\"7 minutes\" \/>\n<script type=\"application\/ld+json\" class=\"yoast-schema-graph\">{\"@context\":\"https:\\\/\\\/schema.org\",\"@graph\":[{\"@type\":\"Article\",\"@id\":\"https:\\\/\\\/martinstiftung.ch\\\/en\\\/squad-interview\\\/#article\",\"isPartOf\":{\"@id\":\"https:\\\/\\\/martinstiftung.ch\\\/en\\\/squad-interview\\\/\"},\"author\":{\"name\":\"adm_martin\",\"@id\":\"https:\\\/\\\/martinstiftung.ch\\\/en\\\/#\\\/schema\\\/person\\\/0ae1d1a0a1136f9a128652ec8021e6b0\"},\"headline\":\"Squad interview\",\"datePublished\":\"2026-04-22T09:11:17+00:00\",\"dateModified\":\"2026-04-23T06:10:24+00:00\",\"mainEntityOfPage\":{\"@id\":\"https:\\\/\\\/martinstiftung.ch\\\/en\\\/squad-interview\\\/\"},\"wordCount\":1413,\"image\":{\"@id\":\"https:\\\/\\\/martinstiftung.ch\\\/en\\\/squad-interview\\\/#primaryimage\"},\"thumbnailUrl\":\"https:\\\/\\\/martinstiftung.ch\\\/wp-content\\\/uploads\\\/2026\\\/04\\\/IMG_0431.webp\",\"inLanguage\":\"en-US\"},{\"@type\":\"WebPage\",\"@id\":\"https:\\\/\\\/martinstiftung.ch\\\/en\\\/squad-interview\\\/\",\"url\":\"https:\\\/\\\/martinstiftung.ch\\\/en\\\/squad-interview\\\/\",\"name\":\"Squad interview - Stiftung St. Martin\",\"isPartOf\":{\"@id\":\"https:\\\/\\\/martinstiftung.ch\\\/en\\\/#website\"},\"primaryImageOfPage\":{\"@id\":\"https:\\\/\\\/martinstiftung.ch\\\/en\\\/squad-interview\\\/#primaryimage\"},\"image\":{\"@id\":\"https:\\\/\\\/martinstiftung.ch\\\/en\\\/squad-interview\\\/#primaryimage\"},\"thumbnailUrl\":\"https:\\\/\\\/martinstiftung.ch\\\/wp-content\\\/uploads\\\/2026\\\/04\\\/IMG_0431.webp\",\"datePublished\":\"2026-04-22T09:11:17+00:00\",\"dateModified\":\"2026-04-23T06:10:24+00:00\",\"author\":{\"@id\":\"https:\\\/\\\/martinstiftung.ch\\\/en\\\/#\\\/schema\\\/person\\\/0ae1d1a0a1136f9a128652ec8021e6b0\"},\"breadcrumb\":{\"@id\":\"https:\\\/\\\/martinstiftung.ch\\\/en\\\/squad-interview\\\/#breadcrumb\"},\"inLanguage\":\"en-US\",\"potentialAction\":[{\"@type\":\"ReadAction\",\"target\":[\"https:\\\/\\\/martinstiftung.ch\\\/en\\\/squad-interview\\\/\"]}]},{\"@type\":\"ImageObject\",\"inLanguage\":\"en-US\",\"@id\":\"https:\\\/\\\/martinstiftung.ch\\\/en\\\/squad-interview\\\/#primaryimage\",\"url\":\"https:\\\/\\\/martinstiftung.ch\\\/wp-content\\\/uploads\\\/2026\\\/04\\\/IMG_0431.webp\",\"contentUrl\":\"https:\\\/\\\/martinstiftung.ch\\\/wp-content\\\/uploads\\\/2026\\\/04\\\/IMG_0431.webp\",\"width\":2000,\"height\":1148},{\"@type\":\"BreadcrumbList\",\"@id\":\"https:\\\/\\\/martinstiftung.ch\\\/en\\\/squad-interview\\\/#breadcrumb\",\"itemListElement\":[{\"@type\":\"ListItem\",\"position\":1,\"name\":\"Startseite\",\"item\":\"https:\\\/\\\/martinstiftung.ch\\\/en\\\/\"},{\"@type\":\"ListItem\",\"position\":2,\"name\":\"Squad interview\"}]},{\"@type\":\"WebSite\",\"@id\":\"https:\\\/\\\/martinstiftung.ch\\\/en\\\/#website\",\"url\":\"https:\\\/\\\/martinstiftung.ch\\\/en\\\/\",\"name\":\"Stiftung St. Martin\",\"description\":\"Wasser ist Leben\",\"potentialAction\":[{\"@type\":\"SearchAction\",\"target\":{\"@type\":\"EntryPoint\",\"urlTemplate\":\"https:\\\/\\\/martinstiftung.ch\\\/en\\\/?s={search_term_string}\"},\"query-input\":{\"@type\":\"PropertyValueSpecification\",\"valueRequired\":true,\"valueName\":\"search_term_string\"}}],\"inLanguage\":\"en-US\"},{\"@type\":\"Person\",\"@id\":\"https:\\\/\\\/martinstiftung.ch\\\/en\\\/#\\\/schema\\\/person\\\/0ae1d1a0a1136f9a128652ec8021e6b0\",\"name\":\"adm_martin\",\"image\":{\"@type\":\"ImageObject\",\"inLanguage\":\"en-US\",\"@id\":\"https:\\\/\\\/secure.gravatar.com\\\/avatar\\\/d77106fc9b88129cd32aaa84ab6f0091f41969aac81b029ac5a28c3e631f987f?s=96&d=mm&r=g\",\"url\":\"https:\\\/\\\/secure.gravatar.com\\\/avatar\\\/d77106fc9b88129cd32aaa84ab6f0091f41969aac81b029ac5a28c3e631f987f?s=96&d=mm&r=g\",\"contentUrl\":\"https:\\\/\\\/secure.gravatar.com\\\/avatar\\\/d77106fc9b88129cd32aaa84ab6f0091f41969aac81b029ac5a28c3e631f987f?s=96&d=mm&r=g\",\"caption\":\"adm_martin\"}}]}<\/script>\n<!-- \/ Yoast SEO plugin. -->","yoast_head_json":{"title":"Squad interview - Stiftung St. Martin","robots":{"index":"index","follow":"follow","max-snippet":"max-snippet:-1","max-image-preview":"max-image-preview:large","max-video-preview":"max-video-preview:-1"},"canonical":"https:\/\/martinstiftung.ch\/en\/squad-interview\/","og_locale":"en_US","og_type":"article","og_title":"Squad interview - Stiftung St. Martin","og_description":"[vc_row][vc_column][vc_column_text css=&#8221;&#8221;]What moves and motivates our management employees in Ot\u00e9l\u00e9? In short interviews, they give personal insights into their work. We would like to thank them for their commitment, loyalty and trusting cooperation.[\/vc_column_text][\/vc_column][\/vc_row][vc_row][vc_column][vc_column_text css=&#8221;.vc_custom_1776848385110{padding-top: 12px !important;padding-right: 12px !important;padding-bottom: 12px !important;padding-left: 12px !important;background-color: #999164 !important;}&#8221;] What are you particularly proud of in your work? [\/vc_column_text][\/vc_column][\/vc_row][vc_row equal_height=&#8221;yes&#8221;&hellip;","og_url":"https:\/\/martinstiftung.ch\/en\/squad-interview\/","og_site_name":"Stiftung St. Martin","article_published_time":"2026-04-22T09:11:17+00:00","article_modified_time":"2026-04-23T06:10:24+00:00","og_image":[{"width":2000,"height":1148,"url":"https:\/\/martinstiftung.ch\/wp-content\/uploads\/2026\/04\/IMG_0431.webp","type":"image\/webp"}],"author":"adm_martin","twitter_card":"summary_large_image","twitter_misc":{"Written by":"adm_martin","Est. reading time":"7 minutes"},"schema":{"@context":"https:\/\/schema.org","@graph":[{"@type":"Article","@id":"https:\/\/martinstiftung.ch\/en\/squad-interview\/#article","isPartOf":{"@id":"https:\/\/martinstiftung.ch\/en\/squad-interview\/"},"author":{"name":"adm_martin","@id":"https:\/\/martinstiftung.ch\/en\/#\/schema\/person\/0ae1d1a0a1136f9a128652ec8021e6b0"},"headline":"Squad interview","datePublished":"2026-04-22T09:11:17+00:00","dateModified":"2026-04-23T06:10:24+00:00","mainEntityOfPage":{"@id":"https:\/\/martinstiftung.ch\/en\/squad-interview\/"},"wordCount":1413,"image":{"@id":"https:\/\/martinstiftung.ch\/en\/squad-interview\/#primaryimage"},"thumbnailUrl":"https:\/\/martinstiftung.ch\/wp-content\/uploads\/2026\/04\/IMG_0431.webp","inLanguage":"en-US"},{"@type":"WebPage","@id":"https:\/\/martinstiftung.ch\/en\/squad-interview\/","url":"https:\/\/martinstiftung.ch\/en\/squad-interview\/","name":"Squad interview - Stiftung St. Martin","isPartOf":{"@id":"https:\/\/martinstiftung.ch\/en\/#website"},"primaryImageOfPage":{"@id":"https:\/\/martinstiftung.ch\/en\/squad-interview\/#primaryimage"},"image":{"@id":"https:\/\/martinstiftung.ch\/en\/squad-interview\/#primaryimage"},"thumbnailUrl":"https:\/\/martinstiftung.ch\/wp-content\/uploads\/2026\/04\/IMG_0431.webp","datePublished":"2026-04-22T09:11:17+00:00","dateModified":"2026-04-23T06:10:24+00:00","author":{"@id":"https:\/\/martinstiftung.ch\/en\/#\/schema\/person\/0ae1d1a0a1136f9a128652ec8021e6b0"},"breadcrumb":{"@id":"https:\/\/martinstiftung.ch\/en\/squad-interview\/#breadcrumb"},"inLanguage":"en-US","potentialAction":[{"@type":"ReadAction","target":["https:\/\/martinstiftung.ch\/en\/squad-interview\/"]}]},{"@type":"ImageObject","inLanguage":"en-US","@id":"https:\/\/martinstiftung.ch\/en\/squad-interview\/#primaryimage","url":"https:\/\/martinstiftung.ch\/wp-content\/uploads\/2026\/04\/IMG_0431.webp","contentUrl":"https:\/\/martinstiftung.ch\/wp-content\/uploads\/2026\/04\/IMG_0431.webp","width":2000,"height":1148},{"@type":"BreadcrumbList","@id":"https:\/\/martinstiftung.ch\/en\/squad-interview\/#breadcrumb","itemListElement":[{"@type":"ListItem","position":1,"name":"Startseite","item":"https:\/\/martinstiftung.ch\/en\/"},{"@type":"ListItem","position":2,"name":"Squad interview"}]},{"@type":"WebSite","@id":"https:\/\/martinstiftung.ch\/en\/#website","url":"https:\/\/martinstiftung.ch\/en\/","name":"Stiftung St. Martin","description":"Wasser ist Leben","potentialAction":[{"@type":"SearchAction","target":{"@type":"EntryPoint","urlTemplate":"https:\/\/martinstiftung.ch\/en\/?s={search_term_string}"},"query-input":{"@type":"PropertyValueSpecification","valueRequired":true,"valueName":"search_term_string"}}],"inLanguage":"en-US"},{"@type":"Person","@id":"https:\/\/martinstiftung.ch\/en\/#\/schema\/person\/0ae1d1a0a1136f9a128652ec8021e6b0","name":"adm_martin","image":{"@type":"ImageObject","inLanguage":"en-US","@id":"https:\/\/secure.gravatar.com\/avatar\/d77106fc9b88129cd32aaa84ab6f0091f41969aac81b029ac5a28c3e631f987f?s=96&d=mm&r=g","url":"https:\/\/secure.gravatar.com\/avatar\/d77106fc9b88129cd32aaa84ab6f0091f41969aac81b029ac5a28c3e631f987f?s=96&d=mm&r=g","contentUrl":"https:\/\/secure.gravatar.com\/avatar\/d77106fc9b88129cd32aaa84ab6f0091f41969aac81b029ac5a28c3e631f987f?s=96&d=mm&r=g","caption":"adm_martin"}}]}},"_links":{"self":[{"href":"https:\/\/martinstiftung.ch\/en\/wp-json\/wp\/v2\/posts\/22106","targetHints":{"allow":["GET"]}}],"collection":[{"href":"https:\/\/martinstiftung.ch\/en\/wp-json\/wp\/v2\/posts"}],"about":[{"href":"https:\/\/martinstiftung.ch\/en\/wp-json\/wp\/v2\/types\/post"}],"author":[{"embeddable":true,"href":"https:\/\/martinstiftung.ch\/en\/wp-json\/wp\/v2\/users\/1"}],"replies":[{"embeddable":true,"href":"https:\/\/martinstiftung.ch\/en\/wp-json\/wp\/v2\/comments?post=22106"}],"version-history":[{"count":0,"href":"https:\/\/martinstiftung.ch\/en\/wp-json\/wp\/v2\/posts\/22106\/revisions"}],"wp:featuredmedia":[{"embeddable":true,"href":"https:\/\/martinstiftung.ch\/en\/wp-json\/wp\/v2\/media\/22112"}],"wp:attachment":[{"href":"https:\/\/martinstiftung.ch\/en\/wp-json\/wp\/v2\/media?parent=22106"}],"wp:term":[{"taxonomy":"category","embeddable":true,"href":"https:\/\/martinstiftung.ch\/en\/wp-json\/wp\/v2\/categories?post=22106"},{"taxonomy":"post_tag","embeddable":true,"href":"https:\/\/martinstiftung.ch\/en\/wp-json\/wp\/v2\/tags?post=22106"}],"curies":[{"name":"wp","href":"https:\/\/api.w.org\/{rel}","templated":true}]}}