{"id":11884,"date":"2023-06-15T11:10:47","date_gmt":"2023-06-15T09:10:47","guid":{"rendered":"https:\/\/martinstiftung.ch\/changement-de-direction\/"},"modified":"2023-06-15T14:22:40","modified_gmt":"2023-06-15T12:22:40","slug":"changement-de-direction","status":"publish","type":"post","link":"https:\/\/martinstiftung.ch\/fr\/changement-de-direction\/","title":{"rendered":"Changement de direction"},"content":{"rendered":"<div class=\"wpb-content-wrapper\"><p>[vc_row][vc_column][vc_single_image image=\u00a0\u00bb11880&Prime; img_size=\u00a0\u00bbfull\u00a0\u00bb alignment=\u00a0\u00bbcenter\u00a0\u00bb][vc_column_text]Nous prenons cong\u00e9 de notre couple de responsables administratifs de longue date, Werner Mathys et Marion Barak, et profitons de l&rsquo;occasion pour les remercier chaleureusement pour tout ce qu&rsquo;ils ont fait pour \u00ab\u00a0l&rsquo;eau c&rsquo;est la vie\u00a0\u00bb et la communaut\u00e9 au Cameroun. Gr\u00e2ce \u00e0 leur engagement, non seulement l&rsquo;acc\u00e8s \u00e0 l&rsquo;eau potable a \u00e9t\u00e9 am\u00e9lior\u00e9, mais aussi les possibilit\u00e9s d&rsquo;\u00e9ducation, les opportunit\u00e9s \u00e9conomiques et la sant\u00e9 g\u00e9n\u00e9rale des villages ont \u00e9t\u00e9 influenc\u00e9es positivement.<\/p>\n<p>Parall\u00e8lement, nous sommes heureux d&rsquo;avoir trouv\u00e9 en Marisa Halter et Micha\u00ebl Golay un couple de successeurs motiv\u00e9s et comp\u00e9tents. Tous deux apportent beaucoup d&rsquo;exp\u00e9rience et de savoir-faire et sont parfaitement aptes \u00e0 poursuivre le travail avec le couple de directeurs techniques Balz Koller et Angelina Schaffner.<\/p>\n<p>Nous souhaitons \u00e0 Marion et Werner le meilleur pour l&rsquo;avenir et \u00e0 notre direction nouvellement constitu\u00e9e beaucoup de plaisir et de succ\u00e8s dans sa mission d&rsquo;am\u00e9liorer les conditions de vie des habitants d&rsquo;Ot\u00e9l\u00e9 et des environs.[\/vc_column_text][\/vc_column][\/vc_row]<\/p>\n<\/div>","protected":false},"excerpt":{"rendered":"<p>[vc_row][vc_column][vc_single_image image=\u00a0\u00bb11880&Prime; img_size=\u00a0\u00bbfull\u00a0\u00bb alignment=\u00a0\u00bbcenter\u00a0\u00bb][vc_column_text]Nous prenons cong\u00e9 de notre couple de responsables administratifs de longue date, Werner Mathys et Marion Barak, et profitons de l&rsquo;occasion pour les remercier chaleureusement pour tout ce qu&rsquo;ils ont fait pour \u00ab\u00a0l&rsquo;eau c&rsquo;est la vie\u00a0\u00bb et la communaut\u00e9 au Cameroun. Gr\u00e2ce \u00e0 leur engagement, non seulement l&rsquo;acc\u00e8s \u00e0 l&rsquo;eau potable a&hellip;<\/p>\n","protected":false},"author":1,"featured_media":11882,"comment_status":"closed","ping_status":"open","sticky":false,"template":"","format":"standard","meta":{"footnotes":""},"categories":[3],"tags":[],"class_list":["post-11884","post","type-post","status-publish","format-standard","has-post-thumbnail","hentry","category-non-classifiee","category-3","description-off"],"yoast_head":"<!-- This site is optimized with the Yoast SEO plugin v27.5 - https:\/\/yoast.com\/product\/yoast-seo-wordpress\/ -->\n<title>Changement de direction - Stiftung St. Martin<\/title>\n<meta name=\"robots\" content=\"index, follow, max-snippet:-1, max-image-preview:large, max-video-preview:-1\" \/>\n<link rel=\"canonical\" href=\"https:\/\/martinstiftung.ch\/fr\/changement-de-direction\/\" \/>\n<meta property=\"og:locale\" content=\"fr_FR\" \/>\n<meta property=\"og:type\" content=\"article\" \/>\n<meta property=\"og:title\" content=\"Changement de direction - Stiftung St. Martin\" \/>\n<meta property=\"og:description\" content=\"[vc_row][vc_column][vc_single_image image=\u00a0\u00bb11880&Prime; img_size=\u00a0\u00bbfull\u00a0\u00bb alignment=\u00a0\u00bbcenter\u00a0\u00bb][vc_column_text]Nous prenons cong\u00e9 de notre couple de responsables administratifs de longue date, Werner Mathys et Marion Barak, et profitons de l&rsquo;occasion pour les remercier chaleureusement pour tout ce qu&rsquo;ils ont fait pour \u00ab\u00a0l&rsquo;eau c&rsquo;est la vie\u00a0\u00bb et la communaut\u00e9 au Cameroun. Gr\u00e2ce \u00e0 leur engagement, non seulement l&rsquo;acc\u00e8s \u00e0 l&rsquo;eau potable a&hellip;\" \/>\n<meta property=\"og:url\" content=\"https:\/\/martinstiftung.ch\/fr\/changement-de-direction\/\" \/>\n<meta property=\"og:site_name\" content=\"Stiftung St. Martin\" \/>\n<meta property=\"article:published_time\" content=\"2023-06-15T09:10:47+00:00\" \/>\n<meta property=\"article:modified_time\" content=\"2023-06-15T12:22:40+00:00\" \/>\n<meta property=\"og:image\" content=\"https:\/\/martinstiftung.ch\/wp-content\/uploads\/2023\/06\/Team-mit-neuem-und-altem-DAF.jpg\" \/>\n\t<meta property=\"og:image:width\" content=\"1500\" \/>\n\t<meta property=\"og:image:height\" content=\"1186\" \/>\n\t<meta property=\"og:image:type\" content=\"image\/jpeg\" \/>\n<meta name=\"author\" content=\"adm_martin\" \/>\n<meta name=\"twitter:card\" content=\"summary_large_image\" \/>\n<meta name=\"twitter:label1\" content=\"\u00c9crit par\" \/>\n\t<meta name=\"twitter:data1\" content=\"adm_martin\" \/>\n\t<meta name=\"twitter:label2\" content=\"Dur\u00e9e de lecture estim\u00e9e\" \/>\n\t<meta name=\"twitter:data2\" content=\"1 minute\" \/>\n<script type=\"application\/ld+json\" class=\"yoast-schema-graph\">{\"@context\":\"https:\\\/\\\/schema.org\",\"@graph\":[{\"@type\":\"Article\",\"@id\":\"https:\\\/\\\/martinstiftung.ch\\\/fr\\\/changement-de-direction\\\/#article\",\"isPartOf\":{\"@id\":\"https:\\\/\\\/martinstiftung.ch\\\/fr\\\/changement-de-direction\\\/\"},\"author\":{\"name\":\"adm_martin\",\"@id\":\"https:\\\/\\\/martinstiftung.ch\\\/fr\\\/#\\\/schema\\\/person\\\/0ae1d1a0a1136f9a128652ec8021e6b0\"},\"headline\":\"Changement de direction\",\"datePublished\":\"2023-06-15T09:10:47+00:00\",\"dateModified\":\"2023-06-15T12:22:40+00:00\",\"mainEntityOfPage\":{\"@id\":\"https:\\\/\\\/martinstiftung.ch\\\/fr\\\/changement-de-direction\\\/\"},\"wordCount\":204,\"image\":{\"@id\":\"https:\\\/\\\/martinstiftung.ch\\\/fr\\\/changement-de-direction\\\/#primaryimage\"},\"thumbnailUrl\":\"https:\\\/\\\/martinstiftung.ch\\\/wp-content\\\/uploads\\\/2023\\\/06\\\/Team-mit-neuem-und-altem-DAF.jpg\",\"articleSection\":[\"Non classifi\u00e9(e)\"],\"inLanguage\":\"fr-FR\"},{\"@type\":\"WebPage\",\"@id\":\"https:\\\/\\\/martinstiftung.ch\\\/fr\\\/changement-de-direction\\\/\",\"url\":\"https:\\\/\\\/martinstiftung.ch\\\/fr\\\/changement-de-direction\\\/\",\"name\":\"Changement de direction - Stiftung St. Martin\",\"isPartOf\":{\"@id\":\"https:\\\/\\\/martinstiftung.ch\\\/fr\\\/#website\"},\"primaryImageOfPage\":{\"@id\":\"https:\\\/\\\/martinstiftung.ch\\\/fr\\\/changement-de-direction\\\/#primaryimage\"},\"image\":{\"@id\":\"https:\\\/\\\/martinstiftung.ch\\\/fr\\\/changement-de-direction\\\/#primaryimage\"},\"thumbnailUrl\":\"https:\\\/\\\/martinstiftung.ch\\\/wp-content\\\/uploads\\\/2023\\\/06\\\/Team-mit-neuem-und-altem-DAF.jpg\",\"datePublished\":\"2023-06-15T09:10:47+00:00\",\"dateModified\":\"2023-06-15T12:22:40+00:00\",\"author\":{\"@id\":\"https:\\\/\\\/martinstiftung.ch\\\/fr\\\/#\\\/schema\\\/person\\\/0ae1d1a0a1136f9a128652ec8021e6b0\"},\"breadcrumb\":{\"@id\":\"https:\\\/\\\/martinstiftung.ch\\\/fr\\\/changement-de-direction\\\/#breadcrumb\"},\"inLanguage\":\"fr-FR\",\"potentialAction\":[{\"@type\":\"ReadAction\",\"target\":[\"https:\\\/\\\/martinstiftung.ch\\\/fr\\\/changement-de-direction\\\/\"]}]},{\"@type\":\"ImageObject\",\"inLanguage\":\"fr-FR\",\"@id\":\"https:\\\/\\\/martinstiftung.ch\\\/fr\\\/changement-de-direction\\\/#primaryimage\",\"url\":\"https:\\\/\\\/martinstiftung.ch\\\/wp-content\\\/uploads\\\/2023\\\/06\\\/Team-mit-neuem-und-altem-DAF.jpg\",\"contentUrl\":\"https:\\\/\\\/martinstiftung.ch\\\/wp-content\\\/uploads\\\/2023\\\/06\\\/Team-mit-neuem-und-altem-DAF.jpg\",\"width\":1500,\"height\":1186},{\"@type\":\"BreadcrumbList\",\"@id\":\"https:\\\/\\\/martinstiftung.ch\\\/fr\\\/changement-de-direction\\\/#breadcrumb\",\"itemListElement\":[{\"@type\":\"ListItem\",\"position\":1,\"name\":\"Startseite\",\"item\":\"https:\\\/\\\/martinstiftung.ch\\\/fr\\\/\"},{\"@type\":\"ListItem\",\"position\":2,\"name\":\"Changement de direction\"}]},{\"@type\":\"WebSite\",\"@id\":\"https:\\\/\\\/martinstiftung.ch\\\/fr\\\/#website\",\"url\":\"https:\\\/\\\/martinstiftung.ch\\\/fr\\\/\",\"name\":\"Stiftung St. Martin\",\"description\":\"Wasser ist Leben\",\"potentialAction\":[{\"@type\":\"SearchAction\",\"target\":{\"@type\":\"EntryPoint\",\"urlTemplate\":\"https:\\\/\\\/martinstiftung.ch\\\/fr\\\/?s={search_term_string}\"},\"query-input\":{\"@type\":\"PropertyValueSpecification\",\"valueRequired\":true,\"valueName\":\"search_term_string\"}}],\"inLanguage\":\"fr-FR\"},{\"@type\":\"Person\",\"@id\":\"https:\\\/\\\/martinstiftung.ch\\\/fr\\\/#\\\/schema\\\/person\\\/0ae1d1a0a1136f9a128652ec8021e6b0\",\"name\":\"adm_martin\",\"image\":{\"@type\":\"ImageObject\",\"inLanguage\":\"fr-FR\",\"@id\":\"https:\\\/\\\/secure.gravatar.com\\\/avatar\\\/d77106fc9b88129cd32aaa84ab6f0091f41969aac81b029ac5a28c3e631f987f?s=96&d=mm&r=g\",\"url\":\"https:\\\/\\\/secure.gravatar.com\\\/avatar\\\/d77106fc9b88129cd32aaa84ab6f0091f41969aac81b029ac5a28c3e631f987f?s=96&d=mm&r=g\",\"contentUrl\":\"https:\\\/\\\/secure.gravatar.com\\\/avatar\\\/d77106fc9b88129cd32aaa84ab6f0091f41969aac81b029ac5a28c3e631f987f?s=96&d=mm&r=g\",\"caption\":\"adm_martin\"}}]}<\/script>\n<!-- \/ Yoast SEO plugin. -->","yoast_head_json":{"title":"Changement de direction - Stiftung St. Martin","robots":{"index":"index","follow":"follow","max-snippet":"max-snippet:-1","max-image-preview":"max-image-preview:large","max-video-preview":"max-video-preview:-1"},"canonical":"https:\/\/martinstiftung.ch\/fr\/changement-de-direction\/","og_locale":"fr_FR","og_type":"article","og_title":"Changement de direction - Stiftung St. Martin","og_description":"[vc_row][vc_column][vc_single_image image=\u00a0\u00bb11880&Prime; img_size=\u00a0\u00bbfull\u00a0\u00bb alignment=\u00a0\u00bbcenter\u00a0\u00bb][vc_column_text]Nous prenons cong\u00e9 de notre couple de responsables administratifs de longue date, Werner Mathys et Marion Barak, et profitons de l&rsquo;occasion pour les remercier chaleureusement pour tout ce qu&rsquo;ils ont fait pour \u00ab\u00a0l&rsquo;eau c&rsquo;est la vie\u00a0\u00bb et la communaut\u00e9 au Cameroun. Gr\u00e2ce \u00e0 leur engagement, non seulement l&rsquo;acc\u00e8s \u00e0 l&rsquo;eau potable a&hellip;","og_url":"https:\/\/martinstiftung.ch\/fr\/changement-de-direction\/","og_site_name":"Stiftung St. Martin","article_published_time":"2023-06-15T09:10:47+00:00","article_modified_time":"2023-06-15T12:22:40+00:00","og_image":[{"width":1500,"height":1186,"url":"https:\/\/martinstiftung.ch\/wp-content\/uploads\/2023\/06\/Team-mit-neuem-und-altem-DAF.jpg","type":"image\/jpeg"}],"author":"adm_martin","twitter_card":"summary_large_image","twitter_misc":{"\u00c9crit par":"adm_martin","Dur\u00e9e de lecture estim\u00e9e":"1 minute"},"schema":{"@context":"https:\/\/schema.org","@graph":[{"@type":"Article","@id":"https:\/\/martinstiftung.ch\/fr\/changement-de-direction\/#article","isPartOf":{"@id":"https:\/\/martinstiftung.ch\/fr\/changement-de-direction\/"},"author":{"name":"adm_martin","@id":"https:\/\/martinstiftung.ch\/fr\/#\/schema\/person\/0ae1d1a0a1136f9a128652ec8021e6b0"},"headline":"Changement de direction","datePublished":"2023-06-15T09:10:47+00:00","dateModified":"2023-06-15T12:22:40+00:00","mainEntityOfPage":{"@id":"https:\/\/martinstiftung.ch\/fr\/changement-de-direction\/"},"wordCount":204,"image":{"@id":"https:\/\/martinstiftung.ch\/fr\/changement-de-direction\/#primaryimage"},"thumbnailUrl":"https:\/\/martinstiftung.ch\/wp-content\/uploads\/2023\/06\/Team-mit-neuem-und-altem-DAF.jpg","articleSection":["Non classifi\u00e9(e)"],"inLanguage":"fr-FR"},{"@type":"WebPage","@id":"https:\/\/martinstiftung.ch\/fr\/changement-de-direction\/","url":"https:\/\/martinstiftung.ch\/fr\/changement-de-direction\/","name":"Changement de direction - Stiftung St. Martin","isPartOf":{"@id":"https:\/\/martinstiftung.ch\/fr\/#website"},"primaryImageOfPage":{"@id":"https:\/\/martinstiftung.ch\/fr\/changement-de-direction\/#primaryimage"},"image":{"@id":"https:\/\/martinstiftung.ch\/fr\/changement-de-direction\/#primaryimage"},"thumbnailUrl":"https:\/\/martinstiftung.ch\/wp-content\/uploads\/2023\/06\/Team-mit-neuem-und-altem-DAF.jpg","datePublished":"2023-06-15T09:10:47+00:00","dateModified":"2023-06-15T12:22:40+00:00","author":{"@id":"https:\/\/martinstiftung.ch\/fr\/#\/schema\/person\/0ae1d1a0a1136f9a128652ec8021e6b0"},"breadcrumb":{"@id":"https:\/\/martinstiftung.ch\/fr\/changement-de-direction\/#breadcrumb"},"inLanguage":"fr-FR","potentialAction":[{"@type":"ReadAction","target":["https:\/\/martinstiftung.ch\/fr\/changement-de-direction\/"]}]},{"@type":"ImageObject","inLanguage":"fr-FR","@id":"https:\/\/martinstiftung.ch\/fr\/changement-de-direction\/#primaryimage","url":"https:\/\/martinstiftung.ch\/wp-content\/uploads\/2023\/06\/Team-mit-neuem-und-altem-DAF.jpg","contentUrl":"https:\/\/martinstiftung.ch\/wp-content\/uploads\/2023\/06\/Team-mit-neuem-und-altem-DAF.jpg","width":1500,"height":1186},{"@type":"BreadcrumbList","@id":"https:\/\/martinstiftung.ch\/fr\/changement-de-direction\/#breadcrumb","itemListElement":[{"@type":"ListItem","position":1,"name":"Startseite","item":"https:\/\/martinstiftung.ch\/fr\/"},{"@type":"ListItem","position":2,"name":"Changement de direction"}]},{"@type":"WebSite","@id":"https:\/\/martinstiftung.ch\/fr\/#website","url":"https:\/\/martinstiftung.ch\/fr\/","name":"Stiftung St. Martin","description":"Wasser ist Leben","potentialAction":[{"@type":"SearchAction","target":{"@type":"EntryPoint","urlTemplate":"https:\/\/martinstiftung.ch\/fr\/?s={search_term_string}"},"query-input":{"@type":"PropertyValueSpecification","valueRequired":true,"valueName":"search_term_string"}}],"inLanguage":"fr-FR"},{"@type":"Person","@id":"https:\/\/martinstiftung.ch\/fr\/#\/schema\/person\/0ae1d1a0a1136f9a128652ec8021e6b0","name":"adm_martin","image":{"@type":"ImageObject","inLanguage":"fr-FR","@id":"https:\/\/secure.gravatar.com\/avatar\/d77106fc9b88129cd32aaa84ab6f0091f41969aac81b029ac5a28c3e631f987f?s=96&d=mm&r=g","url":"https:\/\/secure.gravatar.com\/avatar\/d77106fc9b88129cd32aaa84ab6f0091f41969aac81b029ac5a28c3e631f987f?s=96&d=mm&r=g","contentUrl":"https:\/\/secure.gravatar.com\/avatar\/d77106fc9b88129cd32aaa84ab6f0091f41969aac81b029ac5a28c3e631f987f?s=96&d=mm&r=g","caption":"adm_martin"}}]}},"_links":{"self":[{"href":"https:\/\/martinstiftung.ch\/fr\/wp-json\/wp\/v2\/posts\/11884","targetHints":{"allow":["GET"]}}],"collection":[{"href":"https:\/\/martinstiftung.ch\/fr\/wp-json\/wp\/v2\/posts"}],"about":[{"href":"https:\/\/martinstiftung.ch\/fr\/wp-json\/wp\/v2\/types\/post"}],"author":[{"embeddable":true,"href":"https:\/\/martinstiftung.ch\/fr\/wp-json\/wp\/v2\/users\/1"}],"replies":[{"embeddable":true,"href":"https:\/\/martinstiftung.ch\/fr\/wp-json\/wp\/v2\/comments?post=11884"}],"version-history":[{"count":0,"href":"https:\/\/martinstiftung.ch\/fr\/wp-json\/wp\/v2\/posts\/11884\/revisions"}],"wp:featuredmedia":[{"embeddable":true,"href":"https:\/\/martinstiftung.ch\/fr\/wp-json\/wp\/v2\/media\/11882"}],"wp:attachment":[{"href":"https:\/\/martinstiftung.ch\/fr\/wp-json\/wp\/v2\/media?parent=11884"}],"wp:term":[{"taxonomy":"category","embeddable":true,"href":"https:\/\/martinstiftung.ch\/fr\/wp-json\/wp\/v2\/categories?post=11884"},{"taxonomy":"post_tag","embeddable":true,"href":"https:\/\/martinstiftung.ch\/fr\/wp-json\/wp\/v2\/tags?post=11884"}],"curies":[{"name":"wp","href":"https:\/\/api.w.org\/{rel}","templated":true}]}}