{"id":12245,"date":"2024-08-03T16:36:31","date_gmt":"2024-08-03T14:36:31","guid":{"rendered":"https:\/\/martinstiftung.ch\/balz_interview\/"},"modified":"2024-08-14T16:12:50","modified_gmt":"2024-08-14T14:12:50","slug":"balz_interview","status":"publish","type":"post","link":"https:\/\/martinstiftung.ch\/fr\/balz_interview\/","title":{"rendered":"Kurzinterview mit Balz Koller, Technischer Leiter seit 2022"},"content":{"rendered":"<div class=\"wpb-content-wrapper\"><p>[vc_row][vc_column][vc_single_image image=\u00a0\u00bb12240&Prime; img_size=\u00a0\u00bbfull\u00a0\u00bb css=\u00a0\u00bb\u00a0\u00bb][vc_column_text]<strong>Am 31. August 2024 spricht Balz Koller exklusiv an unserem Anlass im Ziegelei-Museum in Hagendorn \u00fcber seine Erfahrungen und die Herausforderungen in Kamerun.<\/strong><\/p>\n<p><strong>M\u00f6chten Sie mehr erfahren \u00fcber die Aktivit\u00e4ten der Stiftung St. Martin in Kamerun? Besuchen Sie uns im Ziegelei-Museum ab 14.00 Uhr.<\/strong><\/p>\n<p>&nbsp;<\/p>\n<p><strong> Balz, du bist seit bald 3 Jahren in Ot\u00e9l\u00e9. Welches sind die Highlights deiner Aufgabe? <\/strong><\/p>\n<p style=\"padding-left: 40px;\">Ich bin immer sehr emotional ber\u00fchrt, wenn ein Dorfmitglied bei einem neuen, von uns gebauten Brunnen, inmitten der spannungsgeladenen und bunt gekleideten Dorfbev\u00f6lkerung das erste Wasser zum Fliessen bringt und sich damit die Spannung in eine frenetische Welle aus \u00abJuchzer\u00bb und Gesang entl\u00e4dt.<\/p>\n<p><strong> Welche Herausforderungen erlebst du bei der Durchf\u00fchrung des Projekts? <\/strong><\/p>\n<p style=\"padding-left: 40px;\">Die Ersatzteilbeschaffung und das Finden von versierten, zuverl\u00e4ssigen Fachkr\u00e4ften. Unsere eigenen Leute bilden wir selbst aus. Dies betrifft alle Bereiche, auch im Administrativen. In Kamerun gibt es das Erfolgsmodell des dualen Bildungssystems nicht.<\/p>\n<p><strong> Wie werden die lokalen Gemeinschaften in den Bau und die Wartung der Brunnen\u00a0<\/strong><strong>einbezogen? <\/strong><\/p>\n<p style=\"padding-left: 40px;\">Das Dorf, vertreten durch das Brunnenkomitee, stellt unserem Brunnenbauerteam w\u00e4hrend dem Bau Helfer, Unterkunft und Verpflegung zur Verf\u00fcgung. F\u00fcr den normalen Unterhalt des Brunnens ist das Komitee verantwortlich, f\u00fcr Reparaturen r\u00fccken wir gegen einen finanziellen Beitrag des Dorfes mit unserem Unterhaltsteam aus<\/p>\n<p><strong> Welche Massnahmen werden ergriffen, um die Nachhaltigkeit der Brunnen sicherzustellen? <\/strong><\/p>\n<p style=\"padding-left: 40px;\">Wir bauen Brunnen, die in Bezug auf Nachhaltigkeit perfektioniert sind. Rund 95% unserer \u00fcber 1900 gebauten Brunnen funktionieren einwandfrei, bei den staatlich erstellten Brunnen ist es umgekehrt. Die durch uns erstellten Brunnen werden von uns regelm\u00e4ssig kontrolliert. Wir haben ein neues Projekt begonnen mit dem Ziel, den Bereich Brunnenunterhalt mit von uns ausgebildeten Technikern auszulagern, was viele Herausforderungen mit sich bringt.<\/p>\n<p>Ich freue mich sehr, \u00fcber dieses Projekt und weitere Themen in meiner Pr\u00e4sentation vom 31. August im Ziegelei-Museum zu sprechen[\/vc_column_text][\/vc_column][\/vc_row]<\/p>\n<\/div>","protected":false},"excerpt":{"rendered":"<p>[vc_row][vc_column][vc_single_image image=\u00a0\u00bb12240&Prime; img_size=\u00a0\u00bbfull\u00a0\u00bb css=\u00a0\u00bb\u00a0\u00bb][vc_column_text]Am 31. August 2024 spricht Balz Koller exklusiv an unserem Anlass im Ziegelei-Museum in Hagendorn \u00fcber seine Erfahrungen und die Herausforderungen in Kamerun. M\u00f6chten Sie mehr erfahren \u00fcber die Aktivit\u00e4ten der Stiftung St. Martin in Kamerun? Besuchen Sie uns im Ziegelei-Museum ab 14.00 Uhr. &nbsp; Balz, du bist seit bald 3 Jahren&hellip;<\/p>\n","protected":false},"author":5,"featured_media":12242,"comment_status":"closed","ping_status":"open","sticky":false,"template":"","format":"standard","meta":{"footnotes":""},"categories":[3],"tags":[],"class_list":["post-12245","post","type-post","status-publish","format-standard","has-post-thumbnail","hentry","category-non-classifiee","category-3","description-off"],"yoast_head":"<!-- This site is optimized with the Yoast SEO plugin v27.5 - https:\/\/yoast.com\/product\/yoast-seo-wordpress\/ -->\n<title>Kurzinterview mit Balz Koller, Technischer Leiter seit 2022 - Stiftung St. Martin<\/title>\n<meta name=\"robots\" content=\"index, follow, max-snippet:-1, max-image-preview:large, max-video-preview:-1\" \/>\n<link rel=\"canonical\" href=\"https:\/\/martinstiftung.ch\/fr\/balz_interview\/\" \/>\n<meta property=\"og:locale\" content=\"fr_FR\" \/>\n<meta property=\"og:type\" content=\"article\" \/>\n<meta property=\"og:title\" content=\"Kurzinterview mit Balz Koller, Technischer Leiter seit 2022 - Stiftung St. Martin\" \/>\n<meta property=\"og:description\" content=\"[vc_row][vc_column][vc_single_image image=\u00a0\u00bb12240&Prime; img_size=\u00a0\u00bbfull\u00a0\u00bb css=\u00a0\u00bb\u00a0\u00bb][vc_column_text]Am 31. August 2024 spricht Balz Koller exklusiv an unserem Anlass im Ziegelei-Museum in Hagendorn \u00fcber seine Erfahrungen und die Herausforderungen in Kamerun. M\u00f6chten Sie mehr erfahren \u00fcber die Aktivit\u00e4ten der Stiftung St. Martin in Kamerun? Besuchen Sie uns im Ziegelei-Museum ab 14.00 Uhr. &nbsp; Balz, du bist seit bald 3 Jahren&hellip;\" \/>\n<meta property=\"og:url\" content=\"https:\/\/martinstiftung.ch\/fr\/balz_interview\/\" \/>\n<meta property=\"og:site_name\" content=\"Stiftung St. Martin\" \/>\n<meta property=\"article:published_time\" content=\"2024-08-03T14:36:31+00:00\" \/>\n<meta property=\"article:modified_time\" content=\"2024-08-14T14:12:50+00:00\" \/>\n<meta property=\"og:image\" content=\"https:\/\/martinstiftung.ch\/wp-content\/uploads\/2024\/08\/Balz_im_Brunnen-scaled.jpg\" \/>\n\t<meta property=\"og:image:width\" content=\"2560\" \/>\n\t<meta property=\"og:image:height\" content=\"1920\" \/>\n\t<meta property=\"og:image:type\" content=\"image\/jpeg\" \/>\n<meta name=\"author\" content=\"Michael M\u00fcller\" \/>\n<meta name=\"twitter:card\" content=\"summary_large_image\" \/>\n<meta name=\"twitter:label1\" content=\"\u00c9crit par\" \/>\n\t<meta name=\"twitter:data1\" content=\"Michael M\u00fcller\" \/>\n\t<meta name=\"twitter:label2\" content=\"Dur\u00e9e de lecture estim\u00e9e\" \/>\n\t<meta name=\"twitter:data2\" content=\"2 minutes\" \/>\n<script type=\"application\/ld+json\" class=\"yoast-schema-graph\">{\"@context\":\"https:\\\/\\\/schema.org\",\"@graph\":[{\"@type\":\"Article\",\"@id\":\"https:\\\/\\\/martinstiftung.ch\\\/fr\\\/balz_interview\\\/#article\",\"isPartOf\":{\"@id\":\"https:\\\/\\\/martinstiftung.ch\\\/fr\\\/balz_interview\\\/\"},\"author\":{\"name\":\"Michael M\u00fcller\",\"@id\":\"https:\\\/\\\/martinstiftung.ch\\\/fr\\\/#\\\/schema\\\/person\\\/3d1cb21f6e507309abf86d4190b1164b\"},\"headline\":\"Kurzinterview mit Balz Koller, Technischer Leiter seit 2022\",\"datePublished\":\"2024-08-03T14:36:31+00:00\",\"dateModified\":\"2024-08-14T14:12:50+00:00\",\"mainEntityOfPage\":{\"@id\":\"https:\\\/\\\/martinstiftung.ch\\\/fr\\\/balz_interview\\\/\"},\"wordCount\":330,\"image\":{\"@id\":\"https:\\\/\\\/martinstiftung.ch\\\/fr\\\/balz_interview\\\/#primaryimage\"},\"thumbnailUrl\":\"https:\\\/\\\/martinstiftung.ch\\\/wp-content\\\/uploads\\\/2024\\\/08\\\/Balz_im_Brunnen-scaled.jpg\",\"articleSection\":[\"Non classifi\u00e9(e)\"],\"inLanguage\":\"fr-FR\"},{\"@type\":\"WebPage\",\"@id\":\"https:\\\/\\\/martinstiftung.ch\\\/fr\\\/balz_interview\\\/\",\"url\":\"https:\\\/\\\/martinstiftung.ch\\\/fr\\\/balz_interview\\\/\",\"name\":\"Kurzinterview mit Balz Koller, Technischer Leiter seit 2022 - Stiftung St. Martin\",\"isPartOf\":{\"@id\":\"https:\\\/\\\/martinstiftung.ch\\\/fr\\\/#website\"},\"primaryImageOfPage\":{\"@id\":\"https:\\\/\\\/martinstiftung.ch\\\/fr\\\/balz_interview\\\/#primaryimage\"},\"image\":{\"@id\":\"https:\\\/\\\/martinstiftung.ch\\\/fr\\\/balz_interview\\\/#primaryimage\"},\"thumbnailUrl\":\"https:\\\/\\\/martinstiftung.ch\\\/wp-content\\\/uploads\\\/2024\\\/08\\\/Balz_im_Brunnen-scaled.jpg\",\"datePublished\":\"2024-08-03T14:36:31+00:00\",\"dateModified\":\"2024-08-14T14:12:50+00:00\",\"author\":{\"@id\":\"https:\\\/\\\/martinstiftung.ch\\\/fr\\\/#\\\/schema\\\/person\\\/3d1cb21f6e507309abf86d4190b1164b\"},\"breadcrumb\":{\"@id\":\"https:\\\/\\\/martinstiftung.ch\\\/fr\\\/balz_interview\\\/#breadcrumb\"},\"inLanguage\":\"fr-FR\",\"potentialAction\":[{\"@type\":\"ReadAction\",\"target\":[\"https:\\\/\\\/martinstiftung.ch\\\/fr\\\/balz_interview\\\/\"]}]},{\"@type\":\"ImageObject\",\"inLanguage\":\"fr-FR\",\"@id\":\"https:\\\/\\\/martinstiftung.ch\\\/fr\\\/balz_interview\\\/#primaryimage\",\"url\":\"https:\\\/\\\/martinstiftung.ch\\\/wp-content\\\/uploads\\\/2024\\\/08\\\/Balz_im_Brunnen-scaled.jpg\",\"contentUrl\":\"https:\\\/\\\/martinstiftung.ch\\\/wp-content\\\/uploads\\\/2024\\\/08\\\/Balz_im_Brunnen-scaled.jpg\",\"width\":2560,\"height\":1920,\"caption\":\"OLYMPUS DIGITAL CAMERA\"},{\"@type\":\"BreadcrumbList\",\"@id\":\"https:\\\/\\\/martinstiftung.ch\\\/fr\\\/balz_interview\\\/#breadcrumb\",\"itemListElement\":[{\"@type\":\"ListItem\",\"position\":1,\"name\":\"Startseite\",\"item\":\"https:\\\/\\\/martinstiftung.ch\\\/fr\\\/\"},{\"@type\":\"ListItem\",\"position\":2,\"name\":\"Kurzinterview mit Balz Koller, Technischer Leiter seit 2022\"}]},{\"@type\":\"WebSite\",\"@id\":\"https:\\\/\\\/martinstiftung.ch\\\/fr\\\/#website\",\"url\":\"https:\\\/\\\/martinstiftung.ch\\\/fr\\\/\",\"name\":\"Stiftung St. Martin\",\"description\":\"Wasser ist Leben\",\"potentialAction\":[{\"@type\":\"SearchAction\",\"target\":{\"@type\":\"EntryPoint\",\"urlTemplate\":\"https:\\\/\\\/martinstiftung.ch\\\/fr\\\/?s={search_term_string}\"},\"query-input\":{\"@type\":\"PropertyValueSpecification\",\"valueRequired\":true,\"valueName\":\"search_term_string\"}}],\"inLanguage\":\"fr-FR\"},{\"@type\":\"Person\",\"@id\":\"https:\\\/\\\/martinstiftung.ch\\\/fr\\\/#\\\/schema\\\/person\\\/3d1cb21f6e507309abf86d4190b1164b\",\"name\":\"Michael M\u00fcller\",\"image\":{\"@type\":\"ImageObject\",\"inLanguage\":\"fr-FR\",\"@id\":\"https:\\\/\\\/secure.gravatar.com\\\/avatar\\\/182c90701ebf289386fe9b411f423615609b927d3636d4d728dfd3169e7d7075?s=96&d=mm&r=g\",\"url\":\"https:\\\/\\\/secure.gravatar.com\\\/avatar\\\/182c90701ebf289386fe9b411f423615609b927d3636d4d728dfd3169e7d7075?s=96&d=mm&r=g\",\"contentUrl\":\"https:\\\/\\\/secure.gravatar.com\\\/avatar\\\/182c90701ebf289386fe9b411f423615609b927d3636d4d728dfd3169e7d7075?s=96&d=mm&r=g\",\"caption\":\"Michael M\u00fcller\"},\"sameAs\":[\"http:\\\/\\\/www.martinstiftung.ch\"]}]}<\/script>\n<!-- \/ Yoast SEO plugin. -->","yoast_head_json":{"title":"Kurzinterview mit Balz Koller, Technischer Leiter seit 2022 - Stiftung St. Martin","robots":{"index":"index","follow":"follow","max-snippet":"max-snippet:-1","max-image-preview":"max-image-preview:large","max-video-preview":"max-video-preview:-1"},"canonical":"https:\/\/martinstiftung.ch\/fr\/balz_interview\/","og_locale":"fr_FR","og_type":"article","og_title":"Kurzinterview mit Balz Koller, Technischer Leiter seit 2022 - Stiftung St. Martin","og_description":"[vc_row][vc_column][vc_single_image image=\u00a0\u00bb12240&Prime; img_size=\u00a0\u00bbfull\u00a0\u00bb css=\u00a0\u00bb\u00a0\u00bb][vc_column_text]Am 31. August 2024 spricht Balz Koller exklusiv an unserem Anlass im Ziegelei-Museum in Hagendorn \u00fcber seine Erfahrungen und die Herausforderungen in Kamerun. M\u00f6chten Sie mehr erfahren \u00fcber die Aktivit\u00e4ten der Stiftung St. Martin in Kamerun? Besuchen Sie uns im Ziegelei-Museum ab 14.00 Uhr. &nbsp; Balz, du bist seit bald 3 Jahren&hellip;","og_url":"https:\/\/martinstiftung.ch\/fr\/balz_interview\/","og_site_name":"Stiftung St. Martin","article_published_time":"2024-08-03T14:36:31+00:00","article_modified_time":"2024-08-14T14:12:50+00:00","og_image":[{"width":2560,"height":1920,"url":"https:\/\/martinstiftung.ch\/wp-content\/uploads\/2024\/08\/Balz_im_Brunnen-scaled.jpg","type":"image\/jpeg"}],"author":"Michael M\u00fcller","twitter_card":"summary_large_image","twitter_misc":{"\u00c9crit par":"Michael M\u00fcller","Dur\u00e9e de lecture estim\u00e9e":"2 minutes"},"schema":{"@context":"https:\/\/schema.org","@graph":[{"@type":"Article","@id":"https:\/\/martinstiftung.ch\/fr\/balz_interview\/#article","isPartOf":{"@id":"https:\/\/martinstiftung.ch\/fr\/balz_interview\/"},"author":{"name":"Michael M\u00fcller","@id":"https:\/\/martinstiftung.ch\/fr\/#\/schema\/person\/3d1cb21f6e507309abf86d4190b1164b"},"headline":"Kurzinterview mit Balz Koller, Technischer Leiter seit 2022","datePublished":"2024-08-03T14:36:31+00:00","dateModified":"2024-08-14T14:12:50+00:00","mainEntityOfPage":{"@id":"https:\/\/martinstiftung.ch\/fr\/balz_interview\/"},"wordCount":330,"image":{"@id":"https:\/\/martinstiftung.ch\/fr\/balz_interview\/#primaryimage"},"thumbnailUrl":"https:\/\/martinstiftung.ch\/wp-content\/uploads\/2024\/08\/Balz_im_Brunnen-scaled.jpg","articleSection":["Non classifi\u00e9(e)"],"inLanguage":"fr-FR"},{"@type":"WebPage","@id":"https:\/\/martinstiftung.ch\/fr\/balz_interview\/","url":"https:\/\/martinstiftung.ch\/fr\/balz_interview\/","name":"Kurzinterview mit Balz Koller, Technischer Leiter seit 2022 - Stiftung St. Martin","isPartOf":{"@id":"https:\/\/martinstiftung.ch\/fr\/#website"},"primaryImageOfPage":{"@id":"https:\/\/martinstiftung.ch\/fr\/balz_interview\/#primaryimage"},"image":{"@id":"https:\/\/martinstiftung.ch\/fr\/balz_interview\/#primaryimage"},"thumbnailUrl":"https:\/\/martinstiftung.ch\/wp-content\/uploads\/2024\/08\/Balz_im_Brunnen-scaled.jpg","datePublished":"2024-08-03T14:36:31+00:00","dateModified":"2024-08-14T14:12:50+00:00","author":{"@id":"https:\/\/martinstiftung.ch\/fr\/#\/schema\/person\/3d1cb21f6e507309abf86d4190b1164b"},"breadcrumb":{"@id":"https:\/\/martinstiftung.ch\/fr\/balz_interview\/#breadcrumb"},"inLanguage":"fr-FR","potentialAction":[{"@type":"ReadAction","target":["https:\/\/martinstiftung.ch\/fr\/balz_interview\/"]}]},{"@type":"ImageObject","inLanguage":"fr-FR","@id":"https:\/\/martinstiftung.ch\/fr\/balz_interview\/#primaryimage","url":"https:\/\/martinstiftung.ch\/wp-content\/uploads\/2024\/08\/Balz_im_Brunnen-scaled.jpg","contentUrl":"https:\/\/martinstiftung.ch\/wp-content\/uploads\/2024\/08\/Balz_im_Brunnen-scaled.jpg","width":2560,"height":1920,"caption":"OLYMPUS DIGITAL CAMERA"},{"@type":"BreadcrumbList","@id":"https:\/\/martinstiftung.ch\/fr\/balz_interview\/#breadcrumb","itemListElement":[{"@type":"ListItem","position":1,"name":"Startseite","item":"https:\/\/martinstiftung.ch\/fr\/"},{"@type":"ListItem","position":2,"name":"Kurzinterview mit Balz Koller, Technischer Leiter seit 2022"}]},{"@type":"WebSite","@id":"https:\/\/martinstiftung.ch\/fr\/#website","url":"https:\/\/martinstiftung.ch\/fr\/","name":"Stiftung St. Martin","description":"Wasser ist Leben","potentialAction":[{"@type":"SearchAction","target":{"@type":"EntryPoint","urlTemplate":"https:\/\/martinstiftung.ch\/fr\/?s={search_term_string}"},"query-input":{"@type":"PropertyValueSpecification","valueRequired":true,"valueName":"search_term_string"}}],"inLanguage":"fr-FR"},{"@type":"Person","@id":"https:\/\/martinstiftung.ch\/fr\/#\/schema\/person\/3d1cb21f6e507309abf86d4190b1164b","name":"Michael M\u00fcller","image":{"@type":"ImageObject","inLanguage":"fr-FR","@id":"https:\/\/secure.gravatar.com\/avatar\/182c90701ebf289386fe9b411f423615609b927d3636d4d728dfd3169e7d7075?s=96&d=mm&r=g","url":"https:\/\/secure.gravatar.com\/avatar\/182c90701ebf289386fe9b411f423615609b927d3636d4d728dfd3169e7d7075?s=96&d=mm&r=g","contentUrl":"https:\/\/secure.gravatar.com\/avatar\/182c90701ebf289386fe9b411f423615609b927d3636d4d728dfd3169e7d7075?s=96&d=mm&r=g","caption":"Michael M\u00fcller"},"sameAs":["http:\/\/www.martinstiftung.ch"]}]}},"_links":{"self":[{"href":"https:\/\/martinstiftung.ch\/fr\/wp-json\/wp\/v2\/posts\/12245","targetHints":{"allow":["GET"]}}],"collection":[{"href":"https:\/\/martinstiftung.ch\/fr\/wp-json\/wp\/v2\/posts"}],"about":[{"href":"https:\/\/martinstiftung.ch\/fr\/wp-json\/wp\/v2\/types\/post"}],"author":[{"embeddable":true,"href":"https:\/\/martinstiftung.ch\/fr\/wp-json\/wp\/v2\/users\/5"}],"replies":[{"embeddable":true,"href":"https:\/\/martinstiftung.ch\/fr\/wp-json\/wp\/v2\/comments?post=12245"}],"version-history":[{"count":0,"href":"https:\/\/martinstiftung.ch\/fr\/wp-json\/wp\/v2\/posts\/12245\/revisions"}],"wp:featuredmedia":[{"embeddable":true,"href":"https:\/\/martinstiftung.ch\/fr\/wp-json\/wp\/v2\/media\/12242"}],"wp:attachment":[{"href":"https:\/\/martinstiftung.ch\/fr\/wp-json\/wp\/v2\/media?parent=12245"}],"wp:term":[{"taxonomy":"category","embeddable":true,"href":"https:\/\/martinstiftung.ch\/fr\/wp-json\/wp\/v2\/categories?post=12245"},{"taxonomy":"post_tag","embeddable":true,"href":"https:\/\/martinstiftung.ch\/fr\/wp-json\/wp\/v2\/tags?post=12245"}],"curies":[{"name":"wp","href":"https:\/\/api.w.org\/{rel}","templated":true}]}}