{"id":12590,"date":"2025-05-12T08:56:55","date_gmt":"2025-05-12T06:56:55","guid":{"rendered":"https:\/\/martinstiftung.ch\/interview\/"},"modified":"2025-05-21T11:14:20","modified_gmt":"2025-05-21T09:14:20","slug":"interview","status":"publish","type":"post","link":"https:\/\/martinstiftung.ch\/fr\/interview\/","title":{"rendered":"Nouveau duo de directeurs techniques"},"content":{"rendered":"<div class=\"wpb-content-wrapper\"><p>[vc_row][vc_column][vc_single_image image=\u00a0\u00bb12575&Prime; img_size=\u00a0\u00bbfull\u00a0\u00bb alignment=\u00a0\u00bbcenter\u00a0\u00bb css=\u00a0\u00bb\u00a0\u00bb image_hovers=\u00a0\u00bbfalse\u00a0\u00bb][vc_column_text css=\u00a0\u00bb\u00a0\u00bb]<strong>Notre nouveau duo de directeurs techniques a pris ses fonctions ! Avec \u00e9nergie, c\u0153ur et beaucoup de curiosit\u00e9, Tina et Fredi prennent en charge les projets sur place. Sur la photo, nous voyons Tina et Fredi Gashi en compagnie du Directeurs administratifs Marisa Halter et Micha\u00ebl Golay.  <\/strong><\/p>\n<p>Depuis ce mois-ci, Tina et Fredi sont notre nouveau couple de responsables techniques au Cameroun. C&rsquo;est avec beaucoup d&rsquo;exp\u00e9rience, d&rsquo;ouverture d&rsquo;esprit et d&rsquo;enthousiasme qu&rsquo;ils prennent leurs nouvelles fonctions, et nous sommes tr\u00e8s heureux de les accueillir dans notre \u00e9quipe. Ils se pr\u00e9sentent dans l&rsquo;interview suivante:[\/vc_column_text][vc_column_text css=\u00a0\u00bb\u00a0\u00bb]<\/p>\n<h2>Qui \u00eates-vous ?<\/h2>\n<p><strong>Fredi :<\/strong> Je suis ma\u00eetre plombier et j&rsquo;ai dirig\u00e9 pendant de nombreuses ann\u00e9es ma propre entreprise de plomberie et de chauffage \u00e0 Reiden avec ma femme Tina. Je suis un homme d&rsquo;action qui aime mettre la main \u00e0 la p\u00e2te, penser de mani\u00e8re pragmatique, trouver des solutions, tout en gardant mon sens de l&rsquo;humour. <\/p>\n<p><strong>Tina :<\/strong> J&rsquo;ai suivi une formation de gestionnaire du commerce de d\u00e9tail, puis j&rsquo;ai suivi une formation compl\u00e9mentaire en comptabilit\u00e9 et finance. L&rsquo;organisation est dans mon sang : j&rsquo;aime planifier \u00e0 l&rsquo;avance, garder une vue d&rsquo;ensemble et \u00eatre \u00e0 l&rsquo;\u00e9coute des autres, que ce soit au bureau ou sur le terrain. <\/p>\n<h2>Qu&rsquo;est-ce qui vous a motiv\u00e9s \u00e0 partir au Cameroun ?<\/h2>\n<p>Rencontrer des gens, apprendre ensemble et avoir la possibilit\u00e9 de participer \u00e0 un projet qui aura un impact \u00e0 long terme, voil\u00e0 ce qui nous a s\u00e9duits. Et bien s\u00fbr, l&rsquo;aventure ! <\/p>\n<h2>Quelles sont vos t\u00e2ches en tant que couple de responsables techniques ?<\/h2>\n<p>Nous coordonnons les processus techniques, accompagnons les collaborateurs locaux, veillons au bon d\u00e9roulement des op\u00e9rations et mettons la main \u00e0 la p\u00e2te l\u00e0 o\u00f9 c&rsquo;est n\u00e9cessaire. Ensemble, nous assumons la responsabilit\u00e9 de la mise en \u0153uvre et du d\u00e9veloppement des projets sur place. <\/p>\n<h2>Comment vous \u00eates-vous pr\u00e9par\u00e9s \u00e0 cette nouvelle t\u00e2che ?<\/h2>\n<p>En discutant beaucoup, en \u00e9changeant avec d&rsquo;anciens collaborateurs, en lisant \u00e9norm\u00e9ment et surtout en gardant l&rsquo;esprit ouvert et en \u00e9tant tr\u00e8s curieux de ce qui nous attend.<\/p>\n<h2>Qu&rsquo;est-ce qui vous pla\u00eet au Cameroun ?<\/h2>\n<p>L&rsquo;incroyable diversit\u00e9, tant sur le plan paysager que culturel et humain. Il y a chaque jour quelque chose de nouveau \u00e0 d\u00e9couvrir ! <\/p>\n<h2>Une anecdote amusante \u00e0 votre sujet ?<\/h2>\n<p>Notre travail d&rsquo;\u00e9quipe est un m\u00e9lange d&rsquo;ordre et de s\u00e9r\u00e9nit\u00e9, avec des listes de t\u00e2ches que parfois seul l&rsquo;un d&rsquo;entre nous lit. [\/vc_column_text][vc_single_image image=\u00a0\u00bb12578&Prime; img_size=\u00a0\u00bbfull\u00a0\u00bb alignment=\u00a0\u00bbcenter\u00a0\u00bb css=\u00a0\u00bb\u00a0\u00bb image_hovers=\u00a0\u00bbfalse\u00a0\u00bb][vc_column_text css=\u00a0\u00bb\u00a0\u00bb]<strong>Bienvenue au Cameroun, Tina et Fredi \u2013 nous nous r\u00e9jouissons de notre collaboration. <\/strong>[\/vc_column_text][\/vc_column][\/vc_row]<\/p>\n<\/div>","protected":false},"excerpt":{"rendered":"<p>[vc_row][vc_column][vc_single_image image=\u00a0\u00bb12575&Prime; img_size=\u00a0\u00bbfull\u00a0\u00bb alignment=\u00a0\u00bbcenter\u00a0\u00bb css=\u00a0\u00bb\u00a0\u00bb image_hovers=\u00a0\u00bbfalse\u00a0\u00bb][vc_column_text css=\u00a0\u00bb\u00a0\u00bb]Notre nouveau duo de directeurs techniques a pris ses fonctions ! Avec \u00e9nergie, c\u0153ur et beaucoup de curiosit\u00e9, Tina et Fredi prennent en charge les projets sur place. Sur la photo, nous voyons Tina et Fredi Gashi en compagnie du Directeurs administratifs Marisa Halter et Micha\u00ebl Golay. Depuis ce&hellip;<\/p>\n","protected":false},"author":1,"featured_media":12577,"comment_status":"closed","ping_status":"open","sticky":false,"template":"","format":"standard","meta":{"footnotes":""},"categories":[3],"tags":[],"class_list":["post-12590","post","type-post","status-publish","format-standard","has-post-thumbnail","hentry","category-non-classifiee","category-3","description-off"],"yoast_head":"<!-- This site is optimized with the Yoast SEO plugin v27.4 - https:\/\/yoast.com\/product\/yoast-seo-wordpress\/ -->\n<title>Nouveau duo de directeurs techniques - Stiftung St. Martin<\/title>\n<meta name=\"robots\" content=\"index, follow, max-snippet:-1, max-image-preview:large, max-video-preview:-1\" \/>\n<link rel=\"canonical\" href=\"https:\/\/martinstiftung.ch\/fr\/interview\/\" \/>\n<meta property=\"og:locale\" content=\"fr_FR\" \/>\n<meta property=\"og:type\" content=\"article\" \/>\n<meta property=\"og:title\" content=\"Nouveau duo de directeurs techniques - Stiftung St. Martin\" \/>\n<meta property=\"og:description\" content=\"[vc_row][vc_column][vc_single_image image=\u00a0\u00bb12575&Prime; img_size=\u00a0\u00bbfull\u00a0\u00bb alignment=\u00a0\u00bbcenter\u00a0\u00bb css=\u00a0\u00bb\u00a0\u00bb image_hovers=\u00a0\u00bbfalse\u00a0\u00bb][vc_column_text css=\u00a0\u00bb\u00a0\u00bb]Notre nouveau duo de directeurs techniques a pris ses fonctions ! Avec \u00e9nergie, c\u0153ur et beaucoup de curiosit\u00e9, Tina et Fredi prennent en charge les projets sur place. Sur la photo, nous voyons Tina et Fredi Gashi en compagnie du Directeurs administratifs Marisa Halter et Micha\u00ebl Golay. Depuis ce&hellip;\" \/>\n<meta property=\"og:url\" content=\"https:\/\/martinstiftung.ch\/fr\/interview\/\" \/>\n<meta property=\"og:site_name\" content=\"Stiftung St. Martin\" \/>\n<meta property=\"article:published_time\" content=\"2025-05-12T06:56:55+00:00\" \/>\n<meta property=\"article:modified_time\" content=\"2025-05-21T09:14:20+00:00\" \/>\n<meta property=\"og:image\" content=\"https:\/\/martinstiftung.ch\/wp-content\/uploads\/2025\/04\/20250430_1318180.jpg\" \/>\n\t<meta property=\"og:image:width\" content=\"2000\" \/>\n\t<meta property=\"og:image:height\" content=\"1615\" \/>\n\t<meta property=\"og:image:type\" content=\"image\/jpeg\" \/>\n<meta name=\"author\" content=\"adm_martin\" \/>\n<meta name=\"twitter:card\" content=\"summary_large_image\" \/>\n<meta name=\"twitter:label1\" content=\"\u00c9crit par\" \/>\n\t<meta name=\"twitter:data1\" content=\"adm_martin\" \/>\n\t<meta name=\"twitter:label2\" content=\"Dur\u00e9e de lecture estim\u00e9e\" \/>\n\t<meta name=\"twitter:data2\" content=\"2 minutes\" \/>\n<script type=\"application\/ld+json\" class=\"yoast-schema-graph\">{\"@context\":\"https:\\\/\\\/schema.org\",\"@graph\":[{\"@type\":\"Article\",\"@id\":\"https:\\\/\\\/martinstiftung.ch\\\/fr\\\/interview\\\/#article\",\"isPartOf\":{\"@id\":\"https:\\\/\\\/martinstiftung.ch\\\/fr\\\/interview\\\/\"},\"author\":{\"name\":\"adm_martin\",\"@id\":\"https:\\\/\\\/martinstiftung.ch\\\/fr\\\/#\\\/schema\\\/person\\\/0ae1d1a0a1136f9a128652ec8021e6b0\"},\"headline\":\"Nouveau duo de directeurs techniques\",\"datePublished\":\"2025-05-12T06:56:55+00:00\",\"dateModified\":\"2025-05-21T09:14:20+00:00\",\"mainEntityOfPage\":{\"@id\":\"https:\\\/\\\/martinstiftung.ch\\\/fr\\\/interview\\\/\"},\"wordCount\":501,\"image\":{\"@id\":\"https:\\\/\\\/martinstiftung.ch\\\/fr\\\/interview\\\/#primaryimage\"},\"thumbnailUrl\":\"https:\\\/\\\/martinstiftung.ch\\\/wp-content\\\/uploads\\\/2025\\\/04\\\/20250430_1318180.jpg\",\"articleSection\":[\"Non classifi\u00e9(e)\"],\"inLanguage\":\"fr-FR\"},{\"@type\":\"WebPage\",\"@id\":\"https:\\\/\\\/martinstiftung.ch\\\/fr\\\/interview\\\/\",\"url\":\"https:\\\/\\\/martinstiftung.ch\\\/fr\\\/interview\\\/\",\"name\":\"Nouveau duo de directeurs techniques - Stiftung St. Martin\",\"isPartOf\":{\"@id\":\"https:\\\/\\\/martinstiftung.ch\\\/fr\\\/#website\"},\"primaryImageOfPage\":{\"@id\":\"https:\\\/\\\/martinstiftung.ch\\\/fr\\\/interview\\\/#primaryimage\"},\"image\":{\"@id\":\"https:\\\/\\\/martinstiftung.ch\\\/fr\\\/interview\\\/#primaryimage\"},\"thumbnailUrl\":\"https:\\\/\\\/martinstiftung.ch\\\/wp-content\\\/uploads\\\/2025\\\/04\\\/20250430_1318180.jpg\",\"datePublished\":\"2025-05-12T06:56:55+00:00\",\"dateModified\":\"2025-05-21T09:14:20+00:00\",\"author\":{\"@id\":\"https:\\\/\\\/martinstiftung.ch\\\/fr\\\/#\\\/schema\\\/person\\\/0ae1d1a0a1136f9a128652ec8021e6b0\"},\"breadcrumb\":{\"@id\":\"https:\\\/\\\/martinstiftung.ch\\\/fr\\\/interview\\\/#breadcrumb\"},\"inLanguage\":\"fr-FR\",\"potentialAction\":[{\"@type\":\"ReadAction\",\"target\":[\"https:\\\/\\\/martinstiftung.ch\\\/fr\\\/interview\\\/\"]}]},{\"@type\":\"ImageObject\",\"inLanguage\":\"fr-FR\",\"@id\":\"https:\\\/\\\/martinstiftung.ch\\\/fr\\\/interview\\\/#primaryimage\",\"url\":\"https:\\\/\\\/martinstiftung.ch\\\/wp-content\\\/uploads\\\/2025\\\/04\\\/20250430_1318180.jpg\",\"contentUrl\":\"https:\\\/\\\/martinstiftung.ch\\\/wp-content\\\/uploads\\\/2025\\\/04\\\/20250430_1318180.jpg\",\"width\":2000,\"height\":1615},{\"@type\":\"BreadcrumbList\",\"@id\":\"https:\\\/\\\/martinstiftung.ch\\\/fr\\\/interview\\\/#breadcrumb\",\"itemListElement\":[{\"@type\":\"ListItem\",\"position\":1,\"name\":\"Startseite\",\"item\":\"https:\\\/\\\/martinstiftung.ch\\\/fr\\\/\"},{\"@type\":\"ListItem\",\"position\":2,\"name\":\"Nouveau duo de directeurs techniques\"}]},{\"@type\":\"WebSite\",\"@id\":\"https:\\\/\\\/martinstiftung.ch\\\/fr\\\/#website\",\"url\":\"https:\\\/\\\/martinstiftung.ch\\\/fr\\\/\",\"name\":\"Stiftung St. Martin\",\"description\":\"Wasser ist Leben\",\"potentialAction\":[{\"@type\":\"SearchAction\",\"target\":{\"@type\":\"EntryPoint\",\"urlTemplate\":\"https:\\\/\\\/martinstiftung.ch\\\/fr\\\/?s={search_term_string}\"},\"query-input\":{\"@type\":\"PropertyValueSpecification\",\"valueRequired\":true,\"valueName\":\"search_term_string\"}}],\"inLanguage\":\"fr-FR\"},{\"@type\":\"Person\",\"@id\":\"https:\\\/\\\/martinstiftung.ch\\\/fr\\\/#\\\/schema\\\/person\\\/0ae1d1a0a1136f9a128652ec8021e6b0\",\"name\":\"adm_martin\",\"image\":{\"@type\":\"ImageObject\",\"inLanguage\":\"fr-FR\",\"@id\":\"https:\\\/\\\/secure.gravatar.com\\\/avatar\\\/d77106fc9b88129cd32aaa84ab6f0091f41969aac81b029ac5a28c3e631f987f?s=96&d=mm&r=g\",\"url\":\"https:\\\/\\\/secure.gravatar.com\\\/avatar\\\/d77106fc9b88129cd32aaa84ab6f0091f41969aac81b029ac5a28c3e631f987f?s=96&d=mm&r=g\",\"contentUrl\":\"https:\\\/\\\/secure.gravatar.com\\\/avatar\\\/d77106fc9b88129cd32aaa84ab6f0091f41969aac81b029ac5a28c3e631f987f?s=96&d=mm&r=g\",\"caption\":\"adm_martin\"}}]}<\/script>\n<!-- \/ Yoast SEO plugin. -->","yoast_head_json":{"title":"Nouveau duo de directeurs techniques - Stiftung St. Martin","robots":{"index":"index","follow":"follow","max-snippet":"max-snippet:-1","max-image-preview":"max-image-preview:large","max-video-preview":"max-video-preview:-1"},"canonical":"https:\/\/martinstiftung.ch\/fr\/interview\/","og_locale":"fr_FR","og_type":"article","og_title":"Nouveau duo de directeurs techniques - Stiftung St. Martin","og_description":"[vc_row][vc_column][vc_single_image image=\u00a0\u00bb12575&Prime; img_size=\u00a0\u00bbfull\u00a0\u00bb alignment=\u00a0\u00bbcenter\u00a0\u00bb css=\u00a0\u00bb\u00a0\u00bb image_hovers=\u00a0\u00bbfalse\u00a0\u00bb][vc_column_text css=\u00a0\u00bb\u00a0\u00bb]Notre nouveau duo de directeurs techniques a pris ses fonctions ! Avec \u00e9nergie, c\u0153ur et beaucoup de curiosit\u00e9, Tina et Fredi prennent en charge les projets sur place. Sur la photo, nous voyons Tina et Fredi Gashi en compagnie du Directeurs administratifs Marisa Halter et Micha\u00ebl Golay. Depuis ce&hellip;","og_url":"https:\/\/martinstiftung.ch\/fr\/interview\/","og_site_name":"Stiftung St. Martin","article_published_time":"2025-05-12T06:56:55+00:00","article_modified_time":"2025-05-21T09:14:20+00:00","og_image":[{"width":2000,"height":1615,"url":"https:\/\/martinstiftung.ch\/wp-content\/uploads\/2025\/04\/20250430_1318180.jpg","type":"image\/jpeg"}],"author":"adm_martin","twitter_card":"summary_large_image","twitter_misc":{"\u00c9crit par":"adm_martin","Dur\u00e9e de lecture estim\u00e9e":"2 minutes"},"schema":{"@context":"https:\/\/schema.org","@graph":[{"@type":"Article","@id":"https:\/\/martinstiftung.ch\/fr\/interview\/#article","isPartOf":{"@id":"https:\/\/martinstiftung.ch\/fr\/interview\/"},"author":{"name":"adm_martin","@id":"https:\/\/martinstiftung.ch\/fr\/#\/schema\/person\/0ae1d1a0a1136f9a128652ec8021e6b0"},"headline":"Nouveau duo de directeurs techniques","datePublished":"2025-05-12T06:56:55+00:00","dateModified":"2025-05-21T09:14:20+00:00","mainEntityOfPage":{"@id":"https:\/\/martinstiftung.ch\/fr\/interview\/"},"wordCount":501,"image":{"@id":"https:\/\/martinstiftung.ch\/fr\/interview\/#primaryimage"},"thumbnailUrl":"https:\/\/martinstiftung.ch\/wp-content\/uploads\/2025\/04\/20250430_1318180.jpg","articleSection":["Non classifi\u00e9(e)"],"inLanguage":"fr-FR"},{"@type":"WebPage","@id":"https:\/\/martinstiftung.ch\/fr\/interview\/","url":"https:\/\/martinstiftung.ch\/fr\/interview\/","name":"Nouveau duo de directeurs techniques - Stiftung St. Martin","isPartOf":{"@id":"https:\/\/martinstiftung.ch\/fr\/#website"},"primaryImageOfPage":{"@id":"https:\/\/martinstiftung.ch\/fr\/interview\/#primaryimage"},"image":{"@id":"https:\/\/martinstiftung.ch\/fr\/interview\/#primaryimage"},"thumbnailUrl":"https:\/\/martinstiftung.ch\/wp-content\/uploads\/2025\/04\/20250430_1318180.jpg","datePublished":"2025-05-12T06:56:55+00:00","dateModified":"2025-05-21T09:14:20+00:00","author":{"@id":"https:\/\/martinstiftung.ch\/fr\/#\/schema\/person\/0ae1d1a0a1136f9a128652ec8021e6b0"},"breadcrumb":{"@id":"https:\/\/martinstiftung.ch\/fr\/interview\/#breadcrumb"},"inLanguage":"fr-FR","potentialAction":[{"@type":"ReadAction","target":["https:\/\/martinstiftung.ch\/fr\/interview\/"]}]},{"@type":"ImageObject","inLanguage":"fr-FR","@id":"https:\/\/martinstiftung.ch\/fr\/interview\/#primaryimage","url":"https:\/\/martinstiftung.ch\/wp-content\/uploads\/2025\/04\/20250430_1318180.jpg","contentUrl":"https:\/\/martinstiftung.ch\/wp-content\/uploads\/2025\/04\/20250430_1318180.jpg","width":2000,"height":1615},{"@type":"BreadcrumbList","@id":"https:\/\/martinstiftung.ch\/fr\/interview\/#breadcrumb","itemListElement":[{"@type":"ListItem","position":1,"name":"Startseite","item":"https:\/\/martinstiftung.ch\/fr\/"},{"@type":"ListItem","position":2,"name":"Nouveau duo de directeurs techniques"}]},{"@type":"WebSite","@id":"https:\/\/martinstiftung.ch\/fr\/#website","url":"https:\/\/martinstiftung.ch\/fr\/","name":"Stiftung St. Martin","description":"Wasser ist Leben","potentialAction":[{"@type":"SearchAction","target":{"@type":"EntryPoint","urlTemplate":"https:\/\/martinstiftung.ch\/fr\/?s={search_term_string}"},"query-input":{"@type":"PropertyValueSpecification","valueRequired":true,"valueName":"search_term_string"}}],"inLanguage":"fr-FR"},{"@type":"Person","@id":"https:\/\/martinstiftung.ch\/fr\/#\/schema\/person\/0ae1d1a0a1136f9a128652ec8021e6b0","name":"adm_martin","image":{"@type":"ImageObject","inLanguage":"fr-FR","@id":"https:\/\/secure.gravatar.com\/avatar\/d77106fc9b88129cd32aaa84ab6f0091f41969aac81b029ac5a28c3e631f987f?s=96&d=mm&r=g","url":"https:\/\/secure.gravatar.com\/avatar\/d77106fc9b88129cd32aaa84ab6f0091f41969aac81b029ac5a28c3e631f987f?s=96&d=mm&r=g","contentUrl":"https:\/\/secure.gravatar.com\/avatar\/d77106fc9b88129cd32aaa84ab6f0091f41969aac81b029ac5a28c3e631f987f?s=96&d=mm&r=g","caption":"adm_martin"}}]}},"_links":{"self":[{"href":"https:\/\/martinstiftung.ch\/fr\/wp-json\/wp\/v2\/posts\/12590","targetHints":{"allow":["GET"]}}],"collection":[{"href":"https:\/\/martinstiftung.ch\/fr\/wp-json\/wp\/v2\/posts"}],"about":[{"href":"https:\/\/martinstiftung.ch\/fr\/wp-json\/wp\/v2\/types\/post"}],"author":[{"embeddable":true,"href":"https:\/\/martinstiftung.ch\/fr\/wp-json\/wp\/v2\/users\/1"}],"replies":[{"embeddable":true,"href":"https:\/\/martinstiftung.ch\/fr\/wp-json\/wp\/v2\/comments?post=12590"}],"version-history":[{"count":0,"href":"https:\/\/martinstiftung.ch\/fr\/wp-json\/wp\/v2\/posts\/12590\/revisions"}],"wp:featuredmedia":[{"embeddable":true,"href":"https:\/\/martinstiftung.ch\/fr\/wp-json\/wp\/v2\/media\/12577"}],"wp:attachment":[{"href":"https:\/\/martinstiftung.ch\/fr\/wp-json\/wp\/v2\/media?parent=12590"}],"wp:term":[{"taxonomy":"category","embeddable":true,"href":"https:\/\/martinstiftung.ch\/fr\/wp-json\/wp\/v2\/categories?post=12590"},{"taxonomy":"post_tag","embeddable":true,"href":"https:\/\/martinstiftung.ch\/fr\/wp-json\/wp\/v2\/tags?post=12590"}],"curies":[{"name":"wp","href":"https:\/\/api.w.org\/{rel}","templated":true}]}}